{"id":145471,"date":"2024-11-21T12:56:05","date_gmt":"2024-11-21T15:56:05","guid":{"rendered":"https:\/\/ligaagencia.com\/?p=145471"},"modified":"2025-05-02T16:09:40","modified_gmt":"2025-05-02T19:09:40","slug":"liga-p11","status":"publish","type":"post","link":"https:\/\/ligaagencia.com\/en\/jobs\/liga-p11\/","title":{"rendered":"\u00c9der | \u201cThe Final Round\u201d"},"content":{"rendered":"<div class=\"wpb-content-wrapper\"><div data-parent=\"true\" class=\"vc_row style-accent-bg row-container onepage-section\" data-label=\"Welcome\" data-name=\"welcome\" id=\"row-unique-0\"><div class=\"row-background background-element\">\n\t\t\t\t\t\t\t\t\t\t\t<div class=\"background-wrapper\">\n\t\t\t\t\t\t\t\t\t\t\t\t<div class=\"background-inner\" style=\"background-image: url(https:\/\/ligaagencia.com\/wp-content\/uploads\/2024\/11\/Copia-de-EDER-A-SAIDEIRA.png);background-repeat: no-repeat;background-position: center center;background-attachment: scroll;background-size: cover;\"><\/div>\n\t\t\t\t\t\t\t\t\t\t\t\t\n\t\t\t\t\t\t\t\t\t\t\t<\/div>\n\t\t\t\t\t\t\t\t\t\t<\/div><div class=\"row unequal col-no-gutter full-width row-parent\" data-height-ratio=\"full\"><div class=\"wpb_row row-inner\"><div class=\"wpb_column pos-middle pos-center align_center column_parent col-lg-12 single-internal-gutter\"><div class=\"uncol style-dark\"  ><div class=\"uncoltable\"><div class=\"uncell no-block-padding\" ><div class=\"uncont\" ><div class=\"vc_row row-internal row-container\"><div class=\"row row-child\"><div class=\"wpb_row row-inner\"><div class=\"wpb_column pos-middle pos-center align_center column_child col-lg-12 single-internal-gutter\"><div class=\"uncol style-dark\" ><div class=\"uncoltable\"><div class=\"uncell no-block-padding\" ><div class=\"uncont\" ><div class=\"vc_custom_heading_wrap\"><div class=\"heading-text el-text top-t-bottom animate_when_almost_visible\" data-delay=\"200\"><h1 class=\"fontsize-338686 font-weight-600\" ><span>\u00c9der | \u201cThe Final Round\u201d<\/span><\/h1><\/div><div class=\"clear\"><\/div><\/div><\/div><\/div><\/div><\/div><\/div><\/div><\/div><\/div><div class=\"vc_row row-internal row-container\"><div class=\"row row-child\"><div class=\"wpb_row row-inner\"><div class=\"wpb_column pos-middle pos-center align_center column_child col-lg-12 single-internal-gutter\"><div class=\"uncol style-dark\" ><div class=\"uncoltable\"><div class=\"uncell no-block-padding\" ><div class=\"uncont\" style=\" max-width:744px;\" ><div class=\"uncode_text_column text-lead bottom-t-top animate_when_almost_visible\" data-delay=\"600\"><p><strong>Client:<\/strong> Eder &#8211; <strong>Servi\u00e7o:<\/strong> production, direction \u2013<strong> Year:<\/strong> august\/2024<\/p>\n<\/div><\/div><\/div><\/div><\/div><\/div><\/div><\/div><\/div><\/div><\/div><\/div><\/div><\/div><script id=\"script-row-unique-0\" data-row=\"script-row-unique-0\" type=\"text\/javascript\" class=\"vc_controls\">UNCODE.initRow(document.getElementById(\"row-unique-0\"));<\/script><\/div><\/div><\/div><div data-parent=\"true\" class=\"vc_row row-container\" id=\"row-unique-1\"><div class=\"row unequal col-no-gutter no-top-padding no-bottom-padding no-h-padding full-width row-parent\"><div class=\"wpb_row row-inner\"><div class=\"wpb_column pos-middle pos-center align_left column_parent col-lg-6 single-internal-gutter\"><div class=\"uncol style-dark\"  ><div class=\"uncoltable\"><div class=\"uncell quad-block-padding style-color-jevc-bg\" ><div class=\"uncont\" ><div class=\"vc_custom_heading_wrap\"><div class=\"heading-text el-text\" ><h4 class=\"h4 fontheight-357766 font-weight-400\" ><span><\/p><\/span><span><p style=\"text-align: left;\"><span style=\"font-weight: 400;\">What is the final week like in the career of a professional soccer player? And what if that player is also a club legend, about to retire where it all began?<\/span><\/p><\/span><span><p style=\"text-align: left;\"><span style=\"font-weight: 400;\">With extensive behind-the-scenes access and a keen storytelling eye, our team traveled to Crici\u00fama to follow \u00c9der\u2019s farewell from the pitch \u2014 answering these questions and, above all, telling this beautiful story in detail.<\/span><\/p><\/span><span><p style=\"text-align: left;\"><span style=\"font-weight: 400;\">\u00a0<\/span><span style=\"font-weight: 400;\">&#8220;A Saideira&#8221;, um mini-doc produzido pela LIGA, mostra todas as nuances e sentimentos envolvidos no momento do adeus do \u00eddolo carvoeiro, que construiu uma linda carreira de duas d\u00e9cadas no Brasil, na It\u00e1lia e na China antes de retornar ao clube onde tudo come\u00e7ou. <\/span><\/p><\/span><span><p><\/span><\/h4><\/div><div class=\"clear\"><\/div><\/div><\/div><\/div><\/div><\/div><\/div><div class=\"wpb_column pos-middle pos-center align_center column_parent col-lg-6 no-internal-gutter\"><div class=\"uncol style-dark\"  ><div class=\"uncoltable\"><div class=\"uncell no-block-padding style-color-jevc-bg\" ><div class=\"uncont\" ><div class=\"uncode-single-media  text-center\"><div class=\"single-wrapper\" style=\"max-width: 100%;\"><div class=\"tmb tmb-light  tmb-img-ratio tmb-media-first tmb-media-last tmb-content-overlay tmb-no-bg\"><div class=\"t-inside\"><div class=\"t-entry-visual\"><div class=\"t-entry-visual-tc\"><div class=\"uncode-single-media-wrapper\"><div class=\"h3 object-size self-video fluid-object\" style=\"padding-top: 56.25%\"><div style=\"width: 640px;\" class=\"wp-video\"><video data-keepplaying class=\"wp-video-shortcode\" id=\"video-145471-1\" width=\"640\" height=\"360\" preload=\"metadata\" controls=\"controls\"><source type=\"video\/mp4\" src=\"https:\/\/ligaagencia.com\/wp-content\/uploads\/2024\/11\/EDER-A-SAIDEIRA.mp4?_=1\"><\/source><a href=\"https:\/\/ligaagencia.com\/wp-content\/uploads\/2024\/11\/EDER-A-SAIDEIRA.mp4\">https:\/\/ligaagencia.com\/wp-content\/uploads\/2024\/11\/EDER-A-SAIDEIRA.mp4<\/a><\/video><\/div><\/div><\/div>\n\t\t\t\t\t<\/div>\n\t\t\t\t<\/div><\/div><\/div><\/div><\/div><\/div><\/div><\/div><\/div><\/div><script id=\"script-row-unique-1\" data-row=\"script-row-unique-1\" type=\"text\/javascript\" class=\"vc_controls\">UNCODE.initRow(document.getElementById(\"row-unique-1\"));<\/script><\/div><\/div><\/div>\n<\/div>","protected":false},"excerpt":{"rendered":"Eder - \"A Saideira\"Cliente: Eder &#8211; Servi\u00e7o: produ\u00e7\u00e3o, dire\u00e7\u00e3o &#8211; Ano: agosto\/2024 Como \u00e9 a \u00faltima semana da carreira de [...]","protected":false},"author":5,"featured_media":145472,"comment_status":"open","ping_status":"open","sticky":false,"template":"","format":"standard","meta":{"footnotes":""},"categories":[150],"tags":[],"class_list":["post-145471","post","type-post","status-publish","format-standard","has-post-thumbnail","hentry","category-jobs"],"_links":{"self":[{"href":"https:\/\/ligaagencia.com\/en\/wp-json\/wp\/v2\/posts\/145471","targetHints":{"allow":["GET"]}}],"collection":[{"href":"https:\/\/ligaagencia.com\/en\/wp-json\/wp\/v2\/posts"}],"about":[{"href":"https:\/\/ligaagencia.com\/en\/wp-json\/wp\/v2\/types\/post"}],"author":[{"embeddable":true,"href":"https:\/\/ligaagencia.com\/en\/wp-json\/wp\/v2\/users\/5"}],"replies":[{"embeddable":true,"href":"https:\/\/ligaagencia.com\/en\/wp-json\/wp\/v2\/comments?post=145471"}],"version-history":[{"count":11,"href":"https:\/\/ligaagencia.com\/en\/wp-json\/wp\/v2\/posts\/145471\/revisions"}],"predecessor-version":[{"id":146114,"href":"https:\/\/ligaagencia.com\/en\/wp-json\/wp\/v2\/posts\/145471\/revisions\/146114"}],"wp:featuredmedia":[{"embeddable":true,"href":"https:\/\/ligaagencia.com\/en\/wp-json\/wp\/v2\/media\/145472"}],"wp:attachment":[{"href":"https:\/\/ligaagencia.com\/en\/wp-json\/wp\/v2\/media?parent=145471"}],"wp:term":[{"taxonomy":"category","embeddable":true,"href":"https:\/\/ligaagencia.com\/en\/wp-json\/wp\/v2\/categories?post=145471"},{"taxonomy":"post_tag","embeddable":true,"href":"https:\/\/ligaagencia.com\/en\/wp-json\/wp\/v2\/tags?post=145471"}],"curies":[{"name":"wp","href":"https:\/\/api.w.org\/{rel}","templated":true}]}}